{"id":97,"date":"2009-04-14T00:53:32","date_gmt":"2009-04-14T03:53:32","guid":{"rendered":"http:\/\/localhost\/wordpress\/?p=97"},"modified":"2010-05-04T21:14:18","modified_gmt":"2010-05-05T00:14:18","slug":"jacques-chirac","status":"publish","type":"post","link":"https:\/\/www.antesydespues.com.ar\/en\/jacques-chirac\/","title":{"rendered":"Jacques Chirac"},"content":{"rendered":"<p>Jacques Ren\u00e9 Chirac (n. Par\u00eds, 29 de noviembre de 1932) fue primer ministro franc\u00e9s (1974-1976; 1986-1988), presidente de la Rep\u00fablica de Francia (1995-2007) y Copr\u00edncipe de Andorra (1995-2007).<\/p>\n<p>Naci\u00f3 el 29 de noviembre de 1932 en Par\u00eds. Est\u00e1 casado con Bernadette Chodron de Courcel, con quien ha tenido dos hijas, Laurence y Claude.<\/p>\n<p>Se form\u00f3 en el Colegio Louis-le-Grand, donde obtuvo su bachillerato. Despu\u00e9s estudi\u00f3 en el Instituto de Estudios Pol\u00edticos de Par\u00eds (IEP). Residi\u00f3 en Argelia de 1956 hasta 1958, antes de ingresar en la Escuela Nacional de Administraci\u00f3n (ENA) como preparaci\u00f3n para su carrera de funcionariado superior franc\u00e9s. Tras haber mostrado en su juventud marcada simpat\u00eda con los comunistas, ha realizado su carrera pol\u00edtica en las filas de la derecha parlamentaria, adhiriendo distintos grupos gaullistas.<\/p>\n<p>Egresado de la Escuela Nacional de Administraci\u00f3n, Chirac es alto funcionario jubilado del Tribunal de Cuentas.<br \/>\nDesde 1962, Chirac ocup\u00f3 diversas secretar\u00edas de Estado junto al primer ministro Georges Pompidou. A sugerencia de \u00e9ste, en 1967 se present\u00f3 en la candidatura gaullista a la Asamblea Nacional y pas\u00f3 a desempe\u00f1ar un destacado cargo en el Ministerio de Asuntos Sociales. Hacia 1972 fue ministro de Agricultura.<\/p>\n<p>Pompidou falleci\u00f3 en 1974 y Chirac, entonces ministro del Interior, consigui\u00f3 la mayor\u00eda para el nuevo presidente, Val\u00e9ry Giscard d&#8217;Estaing, aunque este no era gaullista. Chirac fue nombrado primer ministro en mayo de ese a\u00f1o, pero dimiti\u00f3 en agosto de 1976 quej\u00e1ndose del presidencialismo de Giscard y al final de ese a\u00f1o fund\u00f3 su propio partido: Agrupaci\u00f3n para la Rep\u00fablica (RPR, en sus siglas en franc\u00e9s). En 1977 obtuvo la mayor\u00eda en las elecciones municipales de Par\u00eds, con lo que se convirti\u00f3 en alcalde de la capital francesa, preludio de su primera candidatura a la presidencia frente al propio Giscard en las elecciones de 1981, en las que el candidato del Partido Socialista Fran\u00e7ois Mitterrand consigui\u00f3 la victoria por un estrecho margen, lo que inici\u00f3 un periodo presidencialista que dur\u00f3 14 a\u00f1os (hasta mayo de 1995).<\/p>\n<p>En 1986 Chirac se convirti\u00f3 en primer ministro durante el periodo de \u2018cohabitaci\u00f3n\u2019 (en lenguaje pol\u00edtico: ejercicio del poder en un sistema presidencial, en el cual los cargos de jefe de gobierno y de presidente son ejercidos por tendencias distintas) con el socialista Mitterrand como presidente de la Rep\u00fablica. En 1988 se enfrent\u00f3 otra vez a \u00e9ste en las elecciones presidenciales, de las que sali\u00f3 derrotado (54% frente al 45%). Tras ese fracaso se concentr\u00f3 en su labor como alcalde de Par\u00eds. Cuando, en las elecciones de marzo de 1993, las distintas fuerzas conservadoras obtuvieron una amplia mayor\u00eda parlamentaria, Chirac se mantuvo al margen, lo que permiti\u00f3 que \u00c9douard Balladur se convirtiera en el \u00faltimo primer ministro de Fran\u00e7ois Mitterrand, mientras \u00e9l se dispon\u00eda a afrontar un tercer intento para alcanzar la presidencia en la primavera de 1995.<\/p>\n<p>Chirac consigui\u00f3 la victoria frente al candidato socialista Lionel Jospin. Al convertirse en Presidente de la Rep\u00fablica Francesa, tambi\u00e9n se convirti\u00f3 en Copr\u00edncipe de Andorra, desempe\u00f1ando un cargo mon\u00e1rquico y uno republicano a la vez.<\/p>\n<p>En ese mismo a\u00f1o orden\u00f3 la reanudaci\u00f3n de las pruebas nucleares en la Polinesia Francesa, que hab\u00edan terminado en enero de 1996, tras numerosas protestas nacionales e internacionales.<\/p>\n<p>Decidi\u00f3 convocar nuevas elecciones legislativas que se celebraron en mayo del a\u00f1o siguiente, con el objetivo de relanzar la pol\u00edtica social y econ\u00f3mica de su primer ministro, Alain Jupp\u00e9. Sin embargo, los resultados obtenidos en la primera vuelta de las mismas llevaron a este \u00faltimo a presentar su dimisi\u00f3n como candidato a dicho cargo. La segunda vuelta de esas elecciones, celebrada el 1 de junio, supuso una desastrosa derrota de la coalici\u00f3n de derechas y dej\u00f3 a Chirac en una situaci\u00f3n dif\u00edcil, obligado a \u2018cohabitar\u2019 con el vencedor, el socialista Lionel Jospin.<\/p>\n<p>Su actitud en la crisis internacional de febrero de 1998, contraria al ataque estadounidense a Irak promovido por el gobierno estadounidense de Bill Clinton en castigo a la negativa iraqu\u00ed a la inspecci\u00f3n de su arsenal qu\u00edmico y biol\u00f3gico, facilit\u00f3 la resoluci\u00f3n final de la misma. El 22 de febrero, el secretario general de la Organizaci\u00f3n de las Naciones Unidas (ONU) Kofi Annan logr\u00f3 un acuerdo con Saddam Husein, por el cual \u00e9ste se compromet\u00eda a cumplir las decisiones de dicho organismo, que evit\u00f3 el estallido del conflicto despu\u00e9s de que Clinton aceptara el alcance de lo pactado. Chirac argument\u00f3 que no se pod\u00eda aceptar sin permiso de la ONU una acci\u00f3n b\u00e9lica contra un Estado miembro de dicho organismo.<\/p>\n","protected":false},"excerpt":{"rendered":"<p>Jacques Ren\u00e9 Chirac (n. Par\u00eds, 29 de noviembre de 1932) fue primer ministro franc\u00e9s (1974-1976; 1986-1988), presidente de la Rep\u00fablica de Francia (1995-2007) y Copr\u00edncipe de Andorra (1995-2007). Naci\u00f3 el 29 de noviembre de 1932 en Par\u00eds. Est\u00e1 casado con Bernadette Chodron de Courcel, con quien ha tenido dos hijas, Laurence y Claude. Se form\u00f3 [&hellip;]<\/p>\n","protected":false},"author":1,"featured_media":0,"comment_status":"open","ping_status":"open","sticky":false,"template":"","format":"standard","meta":[],"categories":[35],"tags":[],"_links":{"self":[{"href":"https:\/\/www.antesydespues.com.ar\/en\/wp-json\/wp\/v2\/posts\/97"}],"collection":[{"href":"https:\/\/www.antesydespues.com.ar\/en\/wp-json\/wp\/v2\/posts"}],"about":[{"href":"https:\/\/www.antesydespues.com.ar\/en\/wp-json\/wp\/v2\/types\/post"}],"author":[{"embeddable":true,"href":"https:\/\/www.antesydespues.com.ar\/en\/wp-json\/wp\/v2\/users\/1"}],"replies":[{"embeddable":true,"href":"https:\/\/www.antesydespues.com.ar\/en\/wp-json\/wp\/v2\/comments?post=97"}],"version-history":[{"count":0,"href":"https:\/\/www.antesydespues.com.ar\/en\/wp-json\/wp\/v2\/posts\/97\/revisions"}],"wp:attachment":[{"href":"https:\/\/www.antesydespues.com.ar\/en\/wp-json\/wp\/v2\/media?parent=97"}],"wp:term":[{"taxonomy":"category","embeddable":true,"href":"https:\/\/www.antesydespues.com.ar\/en\/wp-json\/wp\/v2\/categories?post=97"},{"taxonomy":"post_tag","embeddable":true,"href":"https:\/\/www.antesydespues.com.ar\/en\/wp-json\/wp\/v2\/tags?post=97"}],"curies":[{"name":"wp","href":"https:\/\/api.w.org\/{rel}","templated":true}]}}