{"id":5970,"date":"2012-07-01T20:31:37","date_gmt":"2012-07-01T23:31:37","guid":{"rendered":"http:\/\/www.antesydespues.com.ar\/?p=5970"},"modified":"2012-07-14T18:13:15","modified_gmt":"2012-07-14T21:13:15","slug":"valeria-archimo","status":"publish","type":"post","link":"https:\/\/www.antesydespues.com.ar\/en\/valeria-archimo\/","title":{"rendered":"Valeria Archim\u00f3"},"content":{"rendered":"<p>Valeria Archim\u00f3 es una bailarina, vedette y core\u00f3grafa argentina, reconocida por sus participaciones en las distintas ediciones de Patinando y Bailando por un sue\u00f1o en el \u201cShowmatch\u201d, programa de gran audiencia en la televisi\u00f3n Argentina.<\/p>\n<p>Naci\u00f3 el 14 de enero de 1972 en la provincia de Buenos Aires en Argentina. Estudi\u00f3 danzas contempor\u00e1neas en la escuela de Margarita Balli, en el barrio de Colegiales. Empez\u00f3 su carrera en el a\u00f1o 1992 con el famoso c\u00f3mico Tato Bores. Fue durante ocho a\u00f1os profesora de jazz en la escuela de danzas de Reina Reech y core\u00f3grafa del programa infantil &#8220;Generaci\u00f3n Pop&#8221;.<\/p>\n<p>En el a\u00f1o 2007 llego a la popularidad tras su participaci\u00f3n en la primera edici\u00f3n del segmento \u201cPatinando por un Sue\u00f1o\u201d del programa &#8220;ShowMatch&#8221;. En el certamen de patinaje, junto a su so\u00f1ador Daniel Cejas, logr\u00f3 llegar hasta el sexto puesto. En diciembre de 2007 accede a la modificaci\u00f3n de su apellido &#8220;Archimaut&#8221; por &#8220;Archim\u00f3&#8221; al parecerle que su apellido de origen franc\u00e9s era dif\u00edcil de pronunciar.<\/p>\n<p>En el a\u00f1o 2008, particip\u00f3 en la quinta edici\u00f3n del concurso Bailando por un Sue\u00f1o, en el programa de mayor audiencia de la televisi\u00f3n argentina de ese a\u00f1o, &#8220;ShowMatch&#8221;, consagr\u00e1ndose tercera en el certamen, con muy buenas puntuaciones y generando muy buenas cr\u00edticas. En 2008-2009, particip\u00f3 como primera vedette en el espect\u00e1culo de Gerardo Sofovich &#8220;La Fiesta Est\u00e1 en el Lago&#8221;, en Villa Carlos Paz. En mayo de 2009, fue tapa de la revista Playboy. En 2009-2010 protagoniz\u00f3 junto a Gerardo Sofovich el espect\u00e1culo &#8220;Gracias a la Villa&#8221; como la primera vedette y core\u00f3grafa del espect\u00e1culo.<\/p>\n<p>En mayo de 2010 particip\u00f3 del programa Segundo Campeonato Mundial de Baile realizado en el pa\u00eds de M\u00e9xico junto a su bailar\u00edn Juan Leandro Nimo.<\/p>\n<p>En 2011 protagoniz\u00f3 junto a Patricia Sosa, Ra\u00fal Lavie, Miguel \u00c1ngel Rodr\u00edguez y elenco, La Revista de Buenos Aires.<\/p>\n<p>En 2012 participa en la edici\u00f3n \u201cBailando por un Sue\u00f1o 2012\u201d de \u201cShowmatch\u201d junto a Reinaldo Ojeda, una figura internacional que naci\u00f3 sin su pierna izquierda y desde chico se dedica a la danza.<\/p>\n","protected":false},"excerpt":{"rendered":"<p>Valeria Archim\u00f3 es una bailarina, vedette y core\u00f3grafa argentina, reconocida por sus participaciones en las distintas ediciones de Patinando y Bailando por un sue\u00f1o en el \u201cShowmatch\u201d, programa de gran audiencia en la televisi\u00f3n Argentina. Naci\u00f3 el 14 de enero de 1972 en la provincia de Buenos Aires en Argentina. Estudi\u00f3 danzas contempor\u00e1neas en la [&hellip;]<\/p>\n","protected":false},"author":1,"featured_media":0,"comment_status":"closed","ping_status":"open","sticky":false,"template":"","format":"standard","meta":[],"categories":[213,925,3],"tags":[762,2421,2426,1347,2427,205,718,489,2422,2428,2423,1331,2429,1275,2419,2418,2425],"_links":{"self":[{"href":"https:\/\/www.antesydespues.com.ar\/en\/wp-json\/wp\/v2\/posts\/5970"}],"collection":[{"href":"https:\/\/www.antesydespues.com.ar\/en\/wp-json\/wp\/v2\/posts"}],"about":[{"href":"https:\/\/www.antesydespues.com.ar\/en\/wp-json\/wp\/v2\/types\/post"}],"author":[{"embeddable":true,"href":"https:\/\/www.antesydespues.com.ar\/en\/wp-json\/wp\/v2\/users\/1"}],"replies":[{"embeddable":true,"href":"https:\/\/www.antesydespues.com.ar\/en\/wp-json\/wp\/v2\/comments?post=5970"}],"version-history":[{"count":0,"href":"https:\/\/www.antesydespues.com.ar\/en\/wp-json\/wp\/v2\/posts\/5970\/revisions"}],"wp:attachment":[{"href":"https:\/\/www.antesydespues.com.ar\/en\/wp-json\/wp\/v2\/media?parent=5970"}],"wp:term":[{"taxonomy":"category","embeddable":true,"href":"https:\/\/www.antesydespues.com.ar\/en\/wp-json\/wp\/v2\/categories?post=5970"},{"taxonomy":"post_tag","embeddable":true,"href":"https:\/\/www.antesydespues.com.ar\/en\/wp-json\/wp\/v2\/tags?post=5970"}],"curies":[{"name":"wp","href":"https:\/\/api.w.org\/{rel}","templated":true}]}}