{"id":4893,"date":"2010-04-26T20:35:54","date_gmt":"2010-04-26T23:35:54","guid":{"rendered":"http:\/\/www.antesydespues.com.ar\/?p=4893"},"modified":"2010-10-04T16:58:35","modified_gmt":"2010-10-04T19:58:35","slug":"griselda-siciliani","status":"publish","type":"post","link":"https:\/\/www.antesydespues.com.ar\/en\/griselda-siciliani\/","title":{"rendered":"Griselda Siciliani"},"content":{"rendered":"<p>Griselda Siciliani, nacida el 2 de abril de 1978, es una actriz argentina.<\/p>\n<p>A los 10 ingres\u00f3 a la Escuela Nacional de Danzas, de la cual se recibe y profundiza sus estudios en el \u00e1rea de danza contempor\u00e1nea con Carlos Casella, Ana Garat, Marina Giancaspro, Liliana Nu\u00f1o y otros. Adem\u00e1s, tom\u00f3 clases de actuaci\u00f3n en la escuela de Hugo Mid\u00f3n, y clases de canto con el maestro Mariano Moruja.<br \/>\nEn el 2005 , es convocada para \u201cRevista Nacional\u201d, espect\u00e1culo producido por Pol-Ka, en el cual la labor de Griselda se lleva los mayores elogios. El due\u00f1o de Pol-Ka, Adri\u00e1n Suar le propone una participaci\u00f3n en el programa de TV \u201cSin C\u00f3digo 2\u201d para interpretar a la torpe secretaria del protagonista de la tira el doctor Nielsen (Adrian Suar). Este primer papel le permiti\u00f3 ganar el premio Mart\u00edn Fierro como revelaci\u00f3n (superando a Mike Amigorena, Carla Conte, Elena Roger e incluso al propio Diego Armando Maradona), as\u00ed como tambi\u00e9n el premio Clar\u00edn Espect\u00e1culos 2005 por el mismo puesto.<br \/>\nDurante el 2006 sigui\u00f3 su carrera en el programa Sos mi vida, en donde interpret\u00f3 al personaje de Debbie Quesada, la prima del protagonista Mart\u00edn Quesada (interpretado por Facundo Arana).<br \/>\nTambi\u00e9n se sum\u00f3 al el espect\u00e1culo \u201cQuiero llenarme de Ti\u201d que ide\u00f3 y protagoniz\u00f3 junto a Virginia Kauffmann y Diego Bros, y fue galardonado con el Premio Ace al \u201cMejor Espect\u00e1culo de Caf\u00e9 Concert\u201d.<br \/>\nAsimismo particip\u00f3 tambi\u00e9n del musical &#8220;Sweet Charity&#8221; junto a Florencia Pe\u00f1a Diego Ramos, y Nicolas Scarpino, entre otros.<br \/>\nDurante el 2007, obtuvo su primer papel protag\u00f3nico, interpretando a Carmen en el programa &#8220;Patito Feo&#8221;. El \u00e9xito de la tira fue arrasador tanto en el plano nacional, como en el internacional, e incluy\u00f3 una obra de teatro que llev\u00f3 a Griselda junto al elenco de gira por las principales ciudades de Argentina y Latinoam\u00e9rica, siendo el mayor suceso del 2007.<br \/>\nDurante el 2008 sigui\u00f3 con las grabaciones de la Segunda Temporada de Patito Feo.<br \/>\nEn el plano personal, en febrero de 2008 Griselda dio a conocer su noviazgo con Adri\u00e1n Suar; los cuales siguen en pareja hasta la fecha.<br \/>\nEn 2009 encabez\u00f3 la obra teatral &#8220;La Forma de las Cosas&#8221;; donde interpretaba a Evelyn una artista muy particular. Y la obra &#8220;Coraz\u00f3n Idiota&#8221;, la cual protagoniza junto a su amiga Carla Peterson.<\/p>","protected":false},"excerpt":{"rendered":"<p>Griselda Siciliani, nacida el 2 de abril de 1978, es una actriz argentina. A los 10 ingres\u00f3 a la Escuela Nacional de Danzas, de la cual se recibe y profundiza sus estudios en el \u00e1rea de danza contempor\u00e1nea con Carlos Casella, Ana Garat, Marina Giancaspro, Liliana Nu\u00f1o y otros. Adem\u00e1s, tom\u00f3 clases de actuaci\u00f3n en [&hellip;]<\/p>\n","protected":false},"author":1,"featured_media":0,"comment_status":"open","ping_status":"closed","sticky":false,"template":"","format":"standard","meta":[],"categories":[3],"tags":[741,823,877,1641,1609,21,536,1599,1049,1051,1050,1048,205,224,1047,96],"_links":{"self":[{"href":"https:\/\/www.antesydespues.com.ar\/en\/wp-json\/wp\/v2\/posts\/4893"}],"collection":[{"href":"https:\/\/www.antesydespues.com.ar\/en\/wp-json\/wp\/v2\/posts"}],"about":[{"href":"https:\/\/www.antesydespues.com.ar\/en\/wp-json\/wp\/v2\/types\/post"}],"author":[{"embeddable":true,"href":"https:\/\/www.antesydespues.com.ar\/en\/wp-json\/wp\/v2\/users\/1"}],"replies":[{"embeddable":true,"href":"https:\/\/www.antesydespues.com.ar\/en\/wp-json\/wp\/v2\/comments?post=4893"}],"version-history":[{"count":0,"href":"https:\/\/www.antesydespues.com.ar\/en\/wp-json\/wp\/v2\/posts\/4893\/revisions"}],"wp:attachment":[{"href":"https:\/\/www.antesydespues.com.ar\/en\/wp-json\/wp\/v2\/media?parent=4893"}],"wp:term":[{"taxonomy":"category","embeddable":true,"href":"https:\/\/www.antesydespues.com.ar\/en\/wp-json\/wp\/v2\/categories?post=4893"},{"taxonomy":"post_tag","embeddable":true,"href":"https:\/\/www.antesydespues.com.ar\/en\/wp-json\/wp\/v2\/tags?post=4893"}],"curies":[{"name":"wp","href":"https:\/\/api.w.org\/{rel}","templated":true}]}}