{"id":4776,"date":"2010-03-04T14:05:35","date_gmt":"2010-03-04T17:05:35","guid":{"rendered":"http:\/\/www.antesydespues.com.ar\/?p=4776"},"modified":"2010-05-04T17:42:30","modified_gmt":"2010-05-04T20:42:30","slug":"viviana-canosa","status":"publish","type":"post","link":"https:\/\/www.antesydespues.com.ar\/en\/viviana-canosa\/","title":{"rendered":"Viviana Canosa"},"content":{"rendered":"<p>Viviana Canosa (n. Buenos Aires, 30 de marzo de 1971) es una locutora , conductora de televisi\u00f3n y periodista de Argentina.<br \/>\nSe inici\u00f3 en la televisi\u00f3n en 1995 siendo una reportera de un programa en el canal deportivo TyC Sports y luego, en 1996 trabaj\u00f3 con Samuel &#8220;Chiche&#8221; Gelblung en Memoria en Canal 9. M\u00e1s tarde, desde 2001 hasta 2003, form\u00f3 parte del panel del programa Intrusos en el espect\u00e1culo, abandon\u00e1ndolo en ese a\u00f1o para independizarse y, con su marido Daniel Tobal como productor crear Los Profesionales de Siempre, ciclo que se emite por Canal 9 de Buenos Aires.<br \/>\nEn 2004 intent\u00f3 ocupar un lugar en el prime time con el programa \u00bfNo ser\u00e1 mucho?, como conductora de un show al estilo Susana Gim\u00e9nez, pero el p\u00fablico rechaz\u00f3 el formato, y a las pocas semanas fue cancelado por perder en audiencia, contra el ciclo de la mencionada conductora, por una diferencia superior a 25 puntos. Luego de ese episodio no volvi\u00f3 a aparecer en los medios audiovisuales.<br \/>\nEl 30 de marzo de 2006, regres\u00f3 a la TV, en un programa especial, &#8220;La alfombra roja de los Premios Mart\u00edn Fierro&#8221;; al d\u00eda siguiente inici\u00f3 la 2da temporada de Los Profesionales de Siempre con nuevos equipo y escenograf\u00eda.<br \/>\nEn el verano de 2007, el programa se trasmiti\u00f3 desde la ciudad de Mar del Plata, en el Torre\u00f3n del Monje. Meses despu\u00e9s Marisa Brel, una de sus panelistas, quien renunciara tras que Canosa sobrevolara la casa de Gran Hermano 2007, programa en el que Brel tambi\u00e9n participaba en sus &#8220;debates&#8221;.<br \/>\nAl d\u00eda siguiente, luego del gran revuelo medi\u00e1tico que se ocasion\u00f3, Canosa, desde su programa, se dirigi\u00f3 de manera dura y frontal, hacia Claudio Villaruel y Jorge Rial, conductor de las galas de ese programa y su competencia. Su programa es muy conocido tambi\u00e9n, por la gran concurrencia de personas medi\u00e1ticas, involucradas en distinto tipos de conflictos pol\u00e9micos.<br \/>\nEn diciembre de 2007 sali\u00f3 al aire una publicidad de pinturas de la marca Tersuave en donde ella era una de las figuras, dado que se hace alusi\u00f3n a su cabello como &#8220;rojo Canosa&#8221;, debido al tono de su pelo en ese momento.<br \/>\nEn abril de 2009 debut\u00f3 con un nuevo programa llamado Vos no me conoc\u00e9s que consist\u00eda en reportajes a pol\u00edticos, deportistas, artistas. Sin embargo, a las pocas semanas el programa fue cancelado por tener Canosa exclusividad con Canal 9.<br \/>\nEl 1\u00ba de marzo de 2010 Viviana Canosa debut\u00f3 con un programa en Canal 9 reemplazando a Los Profesionales de Siempre que, curiosamente, lleva su nombre. Al comenzar el programa, Canosa, dijo que \u00e9ste a\u00f1o adem\u00e1s del espect\u00e1culo y la frivolidad, va a comprometerse m\u00e1s con la sociedad a trav\u00e9s del programa.<\/p>\n","protected":false},"excerpt":{"rendered":"<p>Viviana Canosa (n. Buenos Aires, 30 de marzo de 1971) es una locutora , conductora de televisi\u00f3n y periodista de Argentina. Se inici\u00f3 en la televisi\u00f3n en 1995 siendo una reportera de un programa en el canal deportivo TyC Sports y luego, en 1996 trabaj\u00f3 con Samuel &#8220;Chiche&#8221; Gelblung en Memoria en Canal 9. M\u00e1s [&hellip;]<\/p>\n","protected":false},"author":1,"featured_media":0,"comment_status":"open","ping_status":"closed","sticky":false,"template":"","format":"standard","meta":[],"categories":[3],"tags":[988,763,1097,987,855,601],"_links":{"self":[{"href":"https:\/\/www.antesydespues.com.ar\/en\/wp-json\/wp\/v2\/posts\/4776"}],"collection":[{"href":"https:\/\/www.antesydespues.com.ar\/en\/wp-json\/wp\/v2\/posts"}],"about":[{"href":"https:\/\/www.antesydespues.com.ar\/en\/wp-json\/wp\/v2\/types\/post"}],"author":[{"embeddable":true,"href":"https:\/\/www.antesydespues.com.ar\/en\/wp-json\/wp\/v2\/users\/1"}],"replies":[{"embeddable":true,"href":"https:\/\/www.antesydespues.com.ar\/en\/wp-json\/wp\/v2\/comments?post=4776"}],"version-history":[{"count":0,"href":"https:\/\/www.antesydespues.com.ar\/en\/wp-json\/wp\/v2\/posts\/4776\/revisions"}],"wp:attachment":[{"href":"https:\/\/www.antesydespues.com.ar\/en\/wp-json\/wp\/v2\/media?parent=4776"}],"wp:term":[{"taxonomy":"category","embeddable":true,"href":"https:\/\/www.antesydespues.com.ar\/en\/wp-json\/wp\/v2\/categories?post=4776"},{"taxonomy":"post_tag","embeddable":true,"href":"https:\/\/www.antesydespues.com.ar\/en\/wp-json\/wp\/v2\/tags?post=4776"}],"curies":[{"name":"wp","href":"https:\/\/api.w.org\/{rel}","templated":true}]}}