{"id":4687,"date":"2010-02-27T18:39:59","date_gmt":"2010-02-27T21:39:59","guid":{"rendered":"http:\/\/www.antesydespues.com.ar\/?p=4687"},"modified":"2010-02-27T18:39:59","modified_gmt":"2010-02-27T21:39:59","slug":"fabio-di-tomaso","status":"publish","type":"post","link":"https:\/\/www.antesydespues.com.ar\/en\/fabio-di-tomaso\/","title":{"rendered":"Fabio Di Tomaso"},"content":{"rendered":"<p>Fabio Di Tomaso naci\u00f3 en Qu\u00e9bec,Canad\u00e1 el 9 de abril de 1977. Es un Actor de teatro y televisi\u00f3n de Argentina.<\/p>\n<p>Durante su ni\u00f1ez y adolescencia, Fabio vivi\u00f3 en la localidad de Boulogne Sur Mer junto a su madre, en el Gran Buenos Aires.2 M\u00e1s tarde, estudi\u00f3 teatro y tuvo varios trabajos: &#8220;Fui colectivero dos a\u00f1os, en la l\u00ednea 71, que va de Villa Adelina a Once. Trabaj\u00e9 en una carpinter\u00eda, fui cuidador de plaza&#8230; Iba a la ma\u00f1ana, pasaba el rastrillo al arenero, los trabajos no me duraban mucho&#8221;.1 Cuenta que, antes de ser conocido, explotaba su parecido con Mario Pergolini: &#8220;Si habr\u00e9 robado con eso&#8230; cuando ten\u00eda el pelo largo, dec\u00eda que era el primo&#8221;.1<br \/>\nA los 16 a\u00f1os manifest\u00f3 su inter\u00e9s por las bandas musicales y decidi\u00f3 incursionar en el mundo de la m\u00fasica. De esta manera, form\u00f3 parte de la banda musical &#8220;Poketers&#8221;, junto a Sebasti\u00e1n Rubio (bajo), Santiago Prado (trompeta), y Luciano Iriarte (guitarra).1<br \/>\n[editar]Carrera cinematogr\u00e1fica<br \/>\nSu debut televisivo se produjo en Resistir\u00e9, donde interpret\u00f3 un personaje homosexual de nombre Javier. Luego tuvo una participaci\u00f3n en Padre Coraje donde represent\u00f3 a Lautaro Costa hijo del intendente Manuel Costa, del pueblo &#8220;La Cruz&#8221;.<br \/>\nA finales del 2004 recibe la propuesta de interpretar uno de los papeles protag\u00f3nicos para la telenovela Floricienta. Es as\u00ed que abandona su participaci\u00f3n en la telenovela Padre Coraje.<br \/>\nEn el mes de marzo del 2005, sali\u00f3 al aire la segunda temporada de Floricienta donde apareci\u00f3 como &#8220;El Conde&#8221; M\u00e1ximo Augusto Calder\u00f3n de la Hoya interpretado por Fabio. A pesar de las cr\u00edticas suscitadas por el cambio de protagonista de la novela Floricienta, Fabio logr\u00f3 obtener la aceptaci\u00f3n de los televidentes.3<br \/>\nDespu\u00e9s de haber logrado ser reconocido por el personaje de M\u00e1ximo, Fabio Di Tomaso intenta hacer algo diferente a lo que hab\u00eda estado haciendo en televisi\u00f3n. Es as\u00ed que ingresa al elenco de la comedia televisiva &#8220;Juanita La Soltera&#8221; protagonizada por Soledad Fandi\u00f1o. Aqu\u00ed recibe el papel antag\u00f3nico de Renzo. Debido a cambios de horario, la tira fracasa y es retirada de la programaci\u00f3n de Canal 13, dos meses antes del final.<br \/>\nEn el mes de junio del 2007 particip\u00f3 en la obra teatral Aniquilados, de la autora brit\u00e1nica Sarah Kane y dirigida por Leonor Manso.4 5<\/p>\n<p>Desde el 2004, mantiene una relaci\u00f3n amorosa con la actriz argentina Melina Petriella<\/p>\n<p>En 2010 Fabio Di Tomaso y Sebasti\u00e1n Rubio presentan el primer espect\u00e1culo teatral de humor del grupo &#8220;Sayco-Dandies&#8221;, en el Chacarerean, con direcci\u00f3n del &#8220;Macoco&#8221; Mart\u00edn Salazar.<\/p>\n","protected":false},"excerpt":{"rendered":"<p>Fabio Di Tomaso naci\u00f3 en Qu\u00e9bec,Canad\u00e1 el 9 de abril de 1977. Es un Actor de teatro y televisi\u00f3n de Argentina. Durante su ni\u00f1ez y adolescencia, Fabio vivi\u00f3 en la localidad de Boulogne Sur Mer junto a su madre, en el Gran Buenos Aires.2 M\u00e1s tarde, estudi\u00f3 teatro y tuvo varios trabajos: &#8220;Fui colectivero dos [&hellip;]<\/p>\n","protected":false},"author":1,"featured_media":0,"comment_status":"open","ping_status":"closed","sticky":false,"template":"","format":"standard","meta":[],"categories":[8,3],"tags":[661,787,895,877,1641,1609,1621,1622,1624,1623,1599,1620,230,346,940,939],"_links":{"self":[{"href":"https:\/\/www.antesydespues.com.ar\/en\/wp-json\/wp\/v2\/posts\/4687"}],"collection":[{"href":"https:\/\/www.antesydespues.com.ar\/en\/wp-json\/wp\/v2\/posts"}],"about":[{"href":"https:\/\/www.antesydespues.com.ar\/en\/wp-json\/wp\/v2\/types\/post"}],"author":[{"embeddable":true,"href":"https:\/\/www.antesydespues.com.ar\/en\/wp-json\/wp\/v2\/users\/1"}],"replies":[{"embeddable":true,"href":"https:\/\/www.antesydespues.com.ar\/en\/wp-json\/wp\/v2\/comments?post=4687"}],"version-history":[{"count":0,"href":"https:\/\/www.antesydespues.com.ar\/en\/wp-json\/wp\/v2\/posts\/4687\/revisions"}],"wp:attachment":[{"href":"https:\/\/www.antesydespues.com.ar\/en\/wp-json\/wp\/v2\/media?parent=4687"}],"wp:term":[{"taxonomy":"category","embeddable":true,"href":"https:\/\/www.antesydespues.com.ar\/en\/wp-json\/wp\/v2\/categories?post=4687"},{"taxonomy":"post_tag","embeddable":true,"href":"https:\/\/www.antesydespues.com.ar\/en\/wp-json\/wp\/v2\/tags?post=4687"}],"curies":[{"name":"wp","href":"https:\/\/api.w.org\/{rel}","templated":true}]}}