{"id":3308,"date":"2009-11-02T21:45:15","date_gmt":"2009-11-03T00:45:15","guid":{"rendered":"http:\/\/www.antesydespues.com.ar\/?p=3308"},"modified":"2009-12-15T10:45:23","modified_gmt":"2009-12-15T13:45:23","slug":"carla-conte","status":"publish","type":"post","link":"https:\/\/www.antesydespues.com.ar\/en\/carla-conte\/","title":{"rendered":"Carla Conte"},"content":{"rendered":"<p>Carla Conte naci\u00f3 en Buenos Aires, Argentina el 19 de Abril de 1977, fu\u00e9 al Colegio Normal 10 de Belgrano. Estudi\u00f3 danza en la escuela del bailar\u00edn Julio Bocca.<\/p>\n<p>Su carrera en la TV comenz\u00f3 luego de ser seleccionada mediante un casting por la web para participar de un programa llamado A todo dar en Costa Rica. Fue conductora de Tienes una cita por la se\u00f1al Cosmopolitan, programa que la llevo a radicarse en Mexico y Colombia. Tambien participo como bailarina en Celebration y La Cajita Social Show.<\/p>\n<p>Pero lo que la llevar\u00eda a ser reconocida en Argentina seria su conducci\u00f3n del programa televisivo nocturno Call TV, junto a Emiliano Rella, conquistando asi inmediatamente al publico no solo por sus mas que destacados atributos f\u00edsicos sino que tambi\u00e9n por su simpat\u00eda.<\/p>\n<p>Posteriormente fue contratada por la cadena FoxSports para conducir junto a Mart\u00edn Liberman un espacio de preguntas y respuestas llamado Sabelotodo. Condujo el programa Feliz Domingo junto a Silvio Sold\u00e1n, que le valio su primer nominacion a los premios Martin Fierro como revelaci\u00f3n. Tambi\u00e9n, participo en cap\u00edtulos de la comedia Los Roldan en Canal 9 y actu\u00f3 en la Obra Boeing-Boeing, en la cual interpretaba a una azafata.<\/p>\n<p>En 2006 se reencuentra en la conduccion de Jugados por Amor con Emiliano Rella en canal 9 haciendo un programa de entretenimientos todas las tardes. Mientras tanto, preparaba su participacion en Bailando por un sue\u00f1o 3, segmento del programa Showmatch, el cual la consagraria como ganadora. En 2007 vuelve a &#8220;Bailando..&#8221; pero es eliminada de este en la ultima sentencia antes de la final.<\/p>\n<p>El mismo a\u00f1o se convierte en la cara femenina de la productora ideas del sur conduciendo Este es el show con Jos\u00e9 Mar\u00eda Listorti en Canal 13. Tambien la convocan para la campa\u00f1a publicitaria de invierno de yogures Ser.<\/p>\n<p>Ese mismo a\u00f1o regresa a la se\u00f1al Cosmopolitan esta vez, para conducir El objeto del deseo un programa dedicado a los fetiches que obsesionan a las mujeres, labor que le fue reconocida con un premio al mejor programa femenino y una nominacion como mejor conductora en los Martin Fierro de cable.<\/p>\n<p>Ya comenzando la temporada de verano viaja a Villa Carlos Paz para actuar en su primera comedia musical: El show de las divorciadas interpretando a Maria una joven que se enfrentaba ante el dilema de realizar su sue\u00f1o o seguir al amor de su vida. Cabe destacar que la obra quedo entre las 5 mejores de la temporada cordobesa, obteniendo numerosos premios, entre ellos Mejor Comedia Musical.<\/p>\n<p>En 2008 contin\u00faa con Este es el show y tambi\u00e9n comienza con la conduccion de El casting de la tele, programa que presentaba a varios participantes que demostraban su talento y recibian la calificacion de un jurado en cada emision, siendo este el que la consagre como conductora. Ese mismo a\u00f1o confirma al aire que est\u00e1 embarazada y que su hijo nacer\u00e1 a fines de Junio. Tambien, en el trancurso de ese a\u00f1o participo en la comedia infantil producida por Ideas del Sur: Patito Feo.<\/p>\n<p>A principios de 2009 emprende en un nuevo medio, la radio. Conduciendo el programa Nada que ver junto a su hermano J\u00f3se, Quique Dupla\u00e1 y Raquel Mancini en el UFO Point de Pinamar<\/p>\n<p>En el verano de 2009 hace temporada en Mar del Plata con la Obra: La Cena de Los tontos, con Guillermo Francella y Adri\u00e1n Suar, cuya obra fue el \u00e9xito de La Feliz.<\/p>\n<p>El dia 9 de mayo de 2009 comienza con la conducci\u00f3n de la 3\u00ba temporada de Este es el Show y la 2\u00ba temporada de El casting de la tele, junto con Jose Mar\u00eda Listorti.<\/p>\n<p>A mediados de junio del mismo a\u00f1o, se despide de ambos programas solo por unos meses debido a su licencia por maternidad.<\/p>\n<p>El dia 21 de junio de 2009, dia del padre en Argentina, da a luz a la tan esperada Mora Brutto. Su primer hija junto con su pareja Guillermo Brutto. La beba nacio en casa de Carla y peso 3,300 kgs. Trayendo asi la mayor felicidad para la pareja, su familia y todos los que la queremos.<\/p>\n","protected":false},"excerpt":{"rendered":"<p>Carla Conte naci\u00f3 en Buenos Aires, Argentina el 19 de Abril de 1977, fu\u00e9 al Colegio Normal 10 de Belgrano. Estudi\u00f3 danza en la escuela del bailar\u00edn Julio Bocca. Su carrera en la TV comenz\u00f3 luego de ser seleccionada mediante un casting por la web para participar de un programa llamado A todo dar en [&hellip;]<\/p>\n","protected":false},"author":1,"featured_media":0,"comment_status":"open","ping_status":"open","sticky":false,"template":"","format":"standard","meta":[],"categories":[213,3],"tags":[741,210,762,764,763,21,536,205,717,2854,718,1642,224],"_links":{"self":[{"href":"https:\/\/www.antesydespues.com.ar\/en\/wp-json\/wp\/v2\/posts\/3308"}],"collection":[{"href":"https:\/\/www.antesydespues.com.ar\/en\/wp-json\/wp\/v2\/posts"}],"about":[{"href":"https:\/\/www.antesydespues.com.ar\/en\/wp-json\/wp\/v2\/types\/post"}],"author":[{"embeddable":true,"href":"https:\/\/www.antesydespues.com.ar\/en\/wp-json\/wp\/v2\/users\/1"}],"replies":[{"embeddable":true,"href":"https:\/\/www.antesydespues.com.ar\/en\/wp-json\/wp\/v2\/comments?post=3308"}],"version-history":[{"count":0,"href":"https:\/\/www.antesydespues.com.ar\/en\/wp-json\/wp\/v2\/posts\/3308\/revisions"}],"wp:attachment":[{"href":"https:\/\/www.antesydespues.com.ar\/en\/wp-json\/wp\/v2\/media?parent=3308"}],"wp:term":[{"taxonomy":"category","embeddable":true,"href":"https:\/\/www.antesydespues.com.ar\/en\/wp-json\/wp\/v2\/categories?post=3308"},{"taxonomy":"post_tag","embeddable":true,"href":"https:\/\/www.antesydespues.com.ar\/en\/wp-json\/wp\/v2\/tags?post=3308"}],"curies":[{"name":"wp","href":"https:\/\/api.w.org\/{rel}","templated":true}]}}