{"id":2694,"date":"2009-06-27T20:23:48","date_gmt":"2009-06-27T23:23:48","guid":{"rendered":"http:\/\/www.antesydespues.com.ar\/?p=2694"},"modified":"2010-01-18T23:12:18","modified_gmt":"2010-01-19T02:12:18","slug":"maida-andrenacci","status":"publish","type":"post","link":"https:\/\/www.antesydespues.com.ar\/en\/maida-andrenacci\/","title":{"rendered":"Maida Andrenacci"},"content":{"rendered":"<p>Maida Andrenacci es una actriz argentina. Trabaj\u00f3 desde el inicio y durante cuatro a\u00f1os en el programa &#8220;Magazine For Fai&#8221; bajo la direcci\u00f3n de Nora Moseinco y  Mex Urtizberea, realizaci\u00f3n de Lucrecia Martel. A lo largo del desarrollo tuvo a cargo la caracterizaci\u00f3n de algunos personajes que tuvieron gran repercusi\u00f3n. El programa obtuvo el Premio ACE  durante dos a\u00f1os como mejor programa infantil de cable.<br \/>\nIntegr\u00f3 el elenco estable de &#8220;La Familia Fernandes&#8221;, comedia musical infantil con direcci\u00f3n de Hugo Mid\u00f3n, m\u00fasica de Carlos Gianni, coreograf\u00eda de Doris Petroni y vestuario de Renata Schusheim; que se represent\u00f3 durante los a\u00f1os  1999 y 2000 en el Complejo la Plaza. El espect\u00e1culo obtuvo el Premio ACE 1999 como mejor espect\u00e1culo infantil.<br \/>\nInterpret\u00f3 durante las dos temporadas del programa &#8220;Floricienta&#8221; (Canal 13 &#8211; 2005\/2006) a  Valentina, personaje estable del elenco desde el comienzo del programa.<br \/>\nFue parte del elenco durante las dos temporadas (2005\/2006) de la obra de teatro &#8220;El Cuento del Viol\u00edn&#8221; con direcci\u00f3n y dramaturgia de Gast\u00f3n Cerana.Tambi\u00e9n fueron parte del elenco: Vivian El Jaber, Alicia Muxo, Fernando Armani y Jos\u00e9 Tambutti. La obra se present\u00f3 todos los viernes y s\u00e1bados en el Teatro Abasto Social Club.<br \/>\nActu\u00f3 en la pel\u00edcula &#8220;Diarios de Motocicleta&#8221; con direcci\u00f3n de Walter Salles y asistencia de Julia Solomonoff.<br \/>\nFue convovada para la pel\u00edcula &#8220;Ay, Juancito&#8221; con direcci\u00f3n de H\u00e9ctor Olivera.<br \/>\nTuvo participaciones en el programa de Canal 13 &#8220;Padre Coraje&#8221;.<\/p>\n","protected":false},"excerpt":{"rendered":"<p>Maida Andrenacci es una actriz argentina. Trabaj\u00f3 desde el inicio y durante cuatro a\u00f1os en el programa &#8220;Magazine For Fai&#8221; bajo la direcci\u00f3n de Nora Moseinco y Mex Urtizberea, realizaci\u00f3n de Lucrecia Martel. A lo largo del desarrollo tuvo a cargo la caracterizaci\u00f3n de algunos personajes que tuvieron gran repercusi\u00f3n. El programa obtuvo el Premio [&hellip;]<\/p>\n","protected":false},"author":1,"featured_media":0,"comment_status":"open","ping_status":"open","sticky":false,"template":"","format":"standard","meta":[],"categories":[8,213],"tags":[230,276],"_links":{"self":[{"href":"https:\/\/www.antesydespues.com.ar\/en\/wp-json\/wp\/v2\/posts\/2694"}],"collection":[{"href":"https:\/\/www.antesydespues.com.ar\/en\/wp-json\/wp\/v2\/posts"}],"about":[{"href":"https:\/\/www.antesydespues.com.ar\/en\/wp-json\/wp\/v2\/types\/post"}],"author":[{"embeddable":true,"href":"https:\/\/www.antesydespues.com.ar\/en\/wp-json\/wp\/v2\/users\/1"}],"replies":[{"embeddable":true,"href":"https:\/\/www.antesydespues.com.ar\/en\/wp-json\/wp\/v2\/comments?post=2694"}],"version-history":[{"count":0,"href":"https:\/\/www.antesydespues.com.ar\/en\/wp-json\/wp\/v2\/posts\/2694\/revisions"}],"wp:attachment":[{"href":"https:\/\/www.antesydespues.com.ar\/en\/wp-json\/wp\/v2\/media?parent=2694"}],"wp:term":[{"taxonomy":"category","embeddable":true,"href":"https:\/\/www.antesydespues.com.ar\/en\/wp-json\/wp\/v2\/categories?post=2694"},{"taxonomy":"post_tag","embeddable":true,"href":"https:\/\/www.antesydespues.com.ar\/en\/wp-json\/wp\/v2\/tags?post=2694"}],"curies":[{"name":"wp","href":"https:\/\/api.w.org\/{rel}","templated":true}]}}