{"id":1917,"date":"2009-05-15T15:53:31","date_gmt":"2009-05-15T18:53:31","guid":{"rendered":"http:\/\/localhost\/wordpress\/?p=1813"},"modified":"2010-01-21T22:16:14","modified_gmt":"2010-01-22T01:16:14","slug":"gianni-lunadei","status":"publish","type":"post","link":"https:\/\/www.antesydespues.com.ar\/en\/gianni-lunadei\/","title":{"rendered":"Gianni Lunadei"},"content":{"rendered":"<p>Gianni Lunadei (Roma, 1 de mayo de 1938 \u2013 Buenos Aires, 17 de junio de 1998) fue un notable actor \u00edtaloargentino de teatro, cine y televisi\u00f3n.<br \/>\nNacido en Roma, lleg\u00f3 con sus padres a Buenos Aires en 1950, con 12 a\u00f1os, empujado por los tiempos que siguieron a la Segunda Guerra Mundial. Hab\u00eda una sensibilidad en sus padres que, en una Roma estremecida por la guerra, llevaban al hijo al cine y al teatro. As\u00ed los recordaba Lunadei: \u00abNo eran personas de la cultura; mam\u00e1 era modista y pap\u00e1 trabajaba de alba\u00f1il, pero en 1943 y 1944 me hicieron conocer grandes espect\u00e1culos. Eso me marc\u00f3 para siempre\u00bb.<br \/>\nA los 16 a\u00f1os debut\u00f3 en Buenos Aires, haciendo en teatro, el personaje de \u00abGeorge\u00bb en Todos son mis hijos (de Arthur Miller). Fue una declaraci\u00f3n de ambiciones art\u00edsticas, a la que siguieron, entre otras, La sombra de un republicano (de Sean O&#8217;Casey) y Platonof (de Ant\u00f3n Ch\u00e9jov). Durante 11 a\u00f1os integr\u00f3 la Comedia Nacional y durante seis del Teatro San Mart\u00edn.<br \/>\nActor teatral de raza, estuvo ligado a otras obras significativas, como Marat-Sade (de Peter Weiss) y especialmente en Arlequino, servidor de dos patrones (de Carlo Goldoni), que le vali\u00f3 el prestigioso premio Moli\u00e9re y el Premio Estrella de Mar por su inolvidable personificaci\u00f3n del mal\u00e9volo \u00abDon Pantale\u00f3n\u00bb, cl\u00e1sico de la Commedia dell&#8217;arte dirigido por Villanueva Cosse y producido por China Zorrilla en 1974.<br \/>\nSin embargo, Lunadei no desestim\u00f3 jam\u00e1s la doble faceta en su trayectoria histri\u00f3nica que le permit\u00eda abordar con igual eficacia el drama y la comedia, el teatro y la televisi\u00f3n. Sol\u00eda afirmar que, \u00abpara cierta gente, parecer\u00eda que ser actor serio es cultivar historias densas, dram\u00e1ticas, porque sino no sirve\u00bb o \u00abno pueden digerirme haciendo Mesa de Noticias, porque abord\u00e9 el teatro cl\u00e1sico\u00bb.<br \/>\nEntre 1983 y 1987, trabaj\u00f3 durante cuatro temporadas en el programa de televisi\u00f3n Mesa de Noticias, acu\u00f1ando frases que lo har\u00edan popularisimo (\u00ab\u00a1Infeliz&#8230;!\u00bb y \u00abLe pertenezco\u00bb) junto a Juan Carlos Mesa, Leticia Moreira, Edgardo Mesa, Fernando Bravo, Gino Renni, Alberto Fern\u00e1ndez de Rosa, Cris Morena, Adriana Salgueiro, Anam\u00e1 Ferreira, Beatriz Bonnet y Javier Portales.<br \/>\nAdem\u00e1s del Premio Moliere, en 1991 recibi\u00f3 el Premio Konex como actor de comedia[2] y fue nominado como \u00abmejor actor de reparto\u00bb al Premio Mart\u00edn Fierro en 1997 por Archivo negro.<br \/>\nOtras participaciones fueron en Los hermanos Torterolo, Matrimonios y algo m\u00e1s,Locas por ellos, Se\u00f1oras y se\u00f1oras, Archivo negro, El Gordo y el Flaco, etc.<br \/>\nAsimismo, como el \u00abDr. Cureta\u00bb en la pel\u00edcula La cl\u00ednica del Dr. Cureta le vali\u00f3 gran popularidad. En esta s\u00e1tira de Alberto Fischerman, Lunadei animaba al protagonista, un m\u00e9dico-empresario seducido totalmente por el dinero.<br \/>\nSufr\u00eda de depresi\u00f3n recurrente. En sus \u00faltimos cinco a\u00f1os de vida fue pareja de Perla Caron con quien convivi\u00f3 s\u00f3lo un a\u00f1o hasta el momento de su suicidio, ocurrido en la casona de ella, en el barrio de Belgrano. Se dispar\u00f3 un tiro en la sien, ten\u00eda 59 a\u00f1os de edad. Alguien escribi\u00f3: \u00abLunadei siempre me pareci\u00f3 un maestro, y ya se le\u00eda en el rabillo del ojo de su mirada ese dejo de amargura de los que saben que al final\u2026 todo termina en el final. Antes o despu\u00e9s. Sent\u00ed su suicidio, como el de alguien querible. Olmedo era m\u00e1s espectacular, no pod\u00edas \u201cno quererlo\u201d, pero Lunadei era diferente, como el vodka: no para todo el mundo\u00bb.<\/p>\n","protected":false},"excerpt":{"rendered":"<p>Gianni Lunadei (Roma, 1 de mayo de 1938 \u2013 Buenos Aires, 17 de junio de 1998) fue un notable actor \u00edtaloargentino de teatro, cine y televisi\u00f3n. Nacido en Roma, lleg\u00f3 con sus padres a Buenos Aires en 1950, con 12 a\u00f1os, empujado por los tiempos que siguieron a la Segunda Guerra Mundial. Hab\u00eda una sensibilidad [&hellip;]<\/p>\n","protected":false},"author":1,"featured_media":0,"comment_status":"open","ping_status":"open","sticky":false,"template":"","format":"standard","meta":[],"categories":[4,8,3],"tags":[403,352],"_links":{"self":[{"href":"https:\/\/www.antesydespues.com.ar\/en\/wp-json\/wp\/v2\/posts\/1917"}],"collection":[{"href":"https:\/\/www.antesydespues.com.ar\/en\/wp-json\/wp\/v2\/posts"}],"about":[{"href":"https:\/\/www.antesydespues.com.ar\/en\/wp-json\/wp\/v2\/types\/post"}],"author":[{"embeddable":true,"href":"https:\/\/www.antesydespues.com.ar\/en\/wp-json\/wp\/v2\/users\/1"}],"replies":[{"embeddable":true,"href":"https:\/\/www.antesydespues.com.ar\/en\/wp-json\/wp\/v2\/comments?post=1917"}],"version-history":[{"count":0,"href":"https:\/\/www.antesydespues.com.ar\/en\/wp-json\/wp\/v2\/posts\/1917\/revisions"}],"wp:attachment":[{"href":"https:\/\/www.antesydespues.com.ar\/en\/wp-json\/wp\/v2\/media?parent=1917"}],"wp:term":[{"taxonomy":"category","embeddable":true,"href":"https:\/\/www.antesydespues.com.ar\/en\/wp-json\/wp\/v2\/categories?post=1917"},{"taxonomy":"post_tag","embeddable":true,"href":"https:\/\/www.antesydespues.com.ar\/en\/wp-json\/wp\/v2\/tags?post=1917"}],"curies":[{"name":"wp","href":"https:\/\/api.w.org\/{rel}","templated":true}]}}