{"id":127,"date":"2009-04-14T14:41:11","date_gmt":"2009-04-14T17:41:11","guid":{"rendered":"http:\/\/localhost\/wordpress\/?p=127"},"modified":"2010-05-04T22:15:44","modified_gmt":"2010-05-05T01:15:44","slug":"frank-zappa","status":"publish","type":"post","link":"https:\/\/www.antesydespues.com.ar\/en\/frank-zappa\/","title":{"rendered":"Frank Zappa"},"content":{"rendered":"<p>Frank Vincent Zappa (21 de diciembre de 1940 &#8211; 4 de diciembre de 1993) fue un compositor, guitarrista, productor discogr\u00e1fico y director de cine estadounidense. Con una carrera de m\u00e1s de treinta a\u00f1os, Zappa compuso rock, jazz, electr\u00f3nica, m\u00fasica cl\u00e1sica y m\u00fasica concreta, entre otros. Tambi\u00e9n trabaj\u00f3 como director de cine y de videoclips, y dise\u00f1\u00f3 portadas de \u00e1lbumes. Adem\u00e1s, se encarg\u00f3 de la producci\u00f3n de los m\u00e1s de ochenta \u00e1lbumes que grab\u00f3 con The Mothers of Invention y en solitario.<\/p>\n<p>En su adolescencia adquiri\u00f3 gusto por compositores de avant-garde basada en la percusi\u00f3n como Edgard Var\u00e8se, y la m\u00fasica rhythm and blues de los a\u00f1os 50. Comenz\u00f3 a escribir m\u00fasica cl\u00e1sica en la escuela secundaria, mientras tocaba la bater\u00eda en algunas bandas de rhythm and blues, instrumento que despu\u00e9s cambi\u00f3 por la guitarra el\u00e9ctrica. Era un compositor y m\u00fasico autodidacta, y por su diversidad de gustos musicales lleg\u00f3 a crear m\u00fasica a veces imposible de clasificar. Su \u00e1lbum debut de 1966 con la banda The Mothers of Invention, Freak Out!, combinaba canciones de rock convencionales con improvisaciones imposibles y sonidos generados en el estudio de grabaci\u00f3n. Sus \u00e1lbumes posteriores eran una mezcla de m\u00fasica experimental y ecl\u00e9ctica, independientemente de que fueran de rock, jazz o m\u00fasica cl\u00e1sica. Escrib\u00eda las letras de todos sus temas, frecuentemente humor\u00edsticas. Fue cr\u00edtico con lo pol\u00edticamente correcto, con la religi\u00f3n y un gran defensor de la libertad de expresi\u00f3n y la abolici\u00f3n de la censura.<\/p>\n<p>Zappa fue un artista muy prol\u00edfico y recibi\u00f3 grandes cr\u00edticas positivas. Muchos de sus \u00e1lbumes son considerados esenciales en la historia del rock, y es reconocido como uno de los guitarristas y compositores m\u00e1s originales de su tiempo, siendo hoy en d\u00eda una referencia para un gran n\u00famero de artistas. Tuvo algo de \u00e9xito comercial, sobre todo en Europa, por lo que pudo ser un artista independiente la gran mayor\u00eda del tiempo que dur\u00f3 su carrera. Fue incluido de forma p\u00f3stuma en el Sal\u00f3n de la Fama del Rock and Roll en 1995 y recibi\u00f3 un premio Grammy a toda una carrera en 1997.<\/p>\n<p>Zappa estuvo casado con Kathryn J. &#8220;Kay&#8221; Sherman desde 1960 a 1964, repitiendo nupcias en 1967 con Gail Zappa, con quien permaneci\u00f3 hasta su muerte por c\u00e1ncer de pr\u00f3stata en 1993. Tuvieron cuatro hijos: Moon Unit, Dweezil, Ahmet Emuukha Rodan y Diva Thin Muffin Pigeen. Gail Zappa coordina los negocios familiares bajo el nombre de Zappa Family Trust.<\/p>\n<p>Frank Zappa naci\u00f3 en Baltimore, Maryland, Estados Unidos, el 21 de diciembre de 1940, siendo sus padres Francis Zappa (nacido en Partinico, Sicilia) de ascendencia greco-\u00e1rabe, y Rose Marie Colimore, de ascendencia italo-francesa. Fue el mayor de cuatro hermanos. La familia, durante la infancia de Frank, se mudaba con frecuencia debido a que su padre, qu\u00edmico y matem\u00e1tico, trabajaba para el Gobierno de los Estados Unidos. Despu\u00e9s de un corto espacio de tiempo en Florida, a mediados de los a\u00f1os 40 volvieron a Maryland, donde su padre trabaj\u00f3 en el Aberdeen Proving Ground (zona de pruebas de Aberdeen), una zona de pr\u00e1cticas militares donde se probaban armas. Debido a la proximidad de su casa al centro de pruebas, que almacenaba gas mostaza, guardaban m\u00e1scaras de gas por si hubiera alg\u00fan accidente. Esto tuvo un gran impacto en el joven Zappa: referencias a g\u00e9rmenes y otros aspectos de la industria de defensa aparecen en numerosas ocasiones en su obra.<\/p>\n<p>Durante su ni\u00f1ez, Zappa enfermaba con frecuencia, sufriendo asma, dolores de o\u00eddo y sinusitis. Esta \u00faltima le fue tratada insert\u00e1ndole un perdig\u00f3n de radio en cada fosa nasal; poco se sab\u00eda en aquel entonces de los peligros que esta pr\u00e1ctica conllevaba. Numerosas referencias a su nariz aparecen en las letras de sus canciones, al igual que en muchas de las portadas de \u00e1lbumes hechas por su amigo Cal Schenkel.<\/p>\n<p>Muchas de sus enfermedades podr\u00edan deberse a la constante exposici\u00f3n al gas mostaza, y su salud empeor\u00f3 en la \u00e9poca en que viv\u00eda en el \u00e1rea de Baltimore. Su familia se mudaba constantemente, sobre todo a causa de los problemas de salud de Frank. En 1952 se mudaron a Monterrey, California, donde su padre se dedic\u00f3 a ense\u00f1ar metalurgia en una Escuela Naval. Poco despu\u00e9s, se fueron a Claremont, y despu\u00e9s a El Caj\u00f3n, antes de mudarse definitivamente a San Diego.<\/p>\n<p>A principios de los a\u00f1os 1990, Zappa visit\u00f3 Checoslovaquia a petici\u00f3n del Presidente V\u00e1clav Havel, que le pidi\u00f3 que sirviese de asesor de comercio, cultura y turismo. Havel era seguidor de Zappa, por su gran influencia en el avant-garde y la escena underground del este de Europa durante los a\u00f1os 1970 y los 1980. Zappa acept\u00f3 entusiasmado y comenz\u00f3 a mantener reuniones con corporaciones interesadas en invertir en Checoslovaquia. En unas semanas, la administraci\u00f3n estadounidense presion\u00f3 a Checoslovaquia para que retirase la propuesta. Havel, por consiguiente, nombr\u00f3 a Zappa agregado cultural no oficial.<\/p>\n<p>La mayor\u00eda de los proyectos de Zappa llegaron a un alto en 1990, cuando se le diagnostic\u00f3 un c\u00e1ncer de pr\u00f3stata terminal. La enfermedad llevaba diez a\u00f1os desarroll\u00e1ndose sin \u00e9l notarlo y fue considerada inoperable. Despu\u00e9s de este diagn\u00f3stico, Zappa dedic\u00f3 la mayor parte de sus energ\u00edas a componer obras para orquesta moderna y para Synclavier. En 1993, poco antes de su fallecimiento, complet\u00f3 Civilization, Phaze III. Se trataba de una obra para Synclavier que hab\u00eda comenzado en los a\u00f1os 80.<\/p>\n<p>En 1991 Zappa fue elegido para ser uno de los cuatro compositores en el Festival de Fr\u00e1ncfort del Meno de 1992 (los otros fueron John Cage, Karlheinz Stockhausen y Alexander Knaifel). La orquesta de c\u00e1mara Ensemble Modern se interes\u00f3 en tocar la m\u00fasica de Zappa. Aun estando enfermo, Zappa les invit\u00f3 a Los \u00c1ngeles para los ensayos de las nuevas composiciones y los arreglos de las composiciones de material antiguo. Adem\u00e1s de estar satisfecho con el resultado, Zappa congeni\u00f3 bien con los m\u00fasicos, y los conciertos de Alemania y Austria se prepararon para finales de a\u00f1o. En septiembre de 1992, las actuaciones se llevaron a cabo como estaba previsto, aunque Zappa s\u00f3lo pudo estar presente en dos de los conciertos de Fr\u00e1ncfort del Meno por su enfermedad. En el primero de ellos, Zappa dirigi\u00f3 la apertura &#8220;Overture&#8221;, y el \u00faltimo tema &#8220;G-Spot Tornado&#8221; aparte de la teatral &#8220;Food Gathering in Post-Industrial America, 1992&#8221; y &#8220;Welcome to the United States&#8221; (el resto del concierto fue dirigido por Peter Rundel). Zappa recibi\u00f3 una ovaci\u00f3n de veinte minutos.[188] Esta ser\u00eda su \u00faltima aportaci\u00f3n profesional en p\u00fablico, mientras el c\u00e1ncer se iba extendiendo hasta el punto de que soportaba demasiado dolor como para disfrutar de un evento que, por otro lado, consideraba &#8220;estimulante&#8221;. Grabaciones de estos conciertos aparecen en The Yellow Shark de 1993, su \u00faltimo lanzamiento antes de su muerte, y algo del material de los ensayos apareci\u00f3 de forma p\u00f3stuma en el \u00e1lbum Everything Is Healing Nicely de 1999.<\/p>\n<p>Frank Zappa muri\u00f3 el s\u00e1bado 4 de diciembre de 1993 en su casa, junto a su mujer y sus hijos. En una ceremonia privada celebrada al d\u00eda siguiente, Zappa fue enterrado en una tumba sin marcar en el Cementerio Westwood Village Memorial Park de Westwood, Los \u00c1ngeles. El lunes 6 de diciembre su familia anunci\u00f3:<br \/>\n&#8220;El compositor Frank Zappa march\u00f3 para su \u00faltima gira el s\u00e1bado justo antes de las 18:00&#8221;<\/p>\n","protected":false},"excerpt":{"rendered":"<p>Frank Vincent Zappa (21 de diciembre de 1940 &#8211; 4 de diciembre de 1993) fue un compositor, guitarrista, productor discogr\u00e1fico y director de cine estadounidense. Con una carrera de m\u00e1s de treinta a\u00f1os, Zappa compuso rock, jazz, electr\u00f3nica, m\u00fasica cl\u00e1sica y m\u00fasica concreta, entre otros. Tambi\u00e9n trabaj\u00f3 como director de cine y de videoclips, y [&hellip;]<\/p>\n","protected":false},"author":1,"featured_media":0,"comment_status":"open","ping_status":"open","sticky":false,"template":"","format":"standard","meta":[],"categories":[4,16],"tags":[1137,667,1135,1603,1139,874,1602,1604,934,1136,1138],"_links":{"self":[{"href":"https:\/\/www.antesydespues.com.ar\/en\/wp-json\/wp\/v2\/posts\/127"}],"collection":[{"href":"https:\/\/www.antesydespues.com.ar\/en\/wp-json\/wp\/v2\/posts"}],"about":[{"href":"https:\/\/www.antesydespues.com.ar\/en\/wp-json\/wp\/v2\/types\/post"}],"author":[{"embeddable":true,"href":"https:\/\/www.antesydespues.com.ar\/en\/wp-json\/wp\/v2\/users\/1"}],"replies":[{"embeddable":true,"href":"https:\/\/www.antesydespues.com.ar\/en\/wp-json\/wp\/v2\/comments?post=127"}],"version-history":[{"count":0,"href":"https:\/\/www.antesydespues.com.ar\/en\/wp-json\/wp\/v2\/posts\/127\/revisions"}],"wp:attachment":[{"href":"https:\/\/www.antesydespues.com.ar\/en\/wp-json\/wp\/v2\/media?parent=127"}],"wp:term":[{"taxonomy":"category","embeddable":true,"href":"https:\/\/www.antesydespues.com.ar\/en\/wp-json\/wp\/v2\/categories?post=127"},{"taxonomy":"post_tag","embeddable":true,"href":"https:\/\/www.antesydespues.com.ar\/en\/wp-json\/wp\/v2\/tags?post=127"}],"curies":[{"name":"wp","href":"https:\/\/api.w.org\/{rel}","templated":true}]}}