{"id":125,"date":"2009-04-14T14:40:10","date_gmt":"2009-04-14T17:40:10","guid":{"rendered":"http:\/\/localhost\/wordpress\/?p=125"},"modified":"2010-05-04T21:59:53","modified_gmt":"2010-05-05T00:59:53","slug":"fidel-castro","status":"publish","type":"post","link":"https:\/\/www.antesydespues.com.ar\/en\/fidel-castro\/","title":{"rendered":"Fidel Castro"},"content":{"rendered":"<p>Fidel Alejandro Castro Ruz (Bir\u00e1n, 13 de agosto de 1926) es un militar y pol\u00edtico cubano. Fue mandatario de su pa\u00eds, bajo los cargos de primer ministro (1959-1976) y presidente de Cuba (1976-2008). Actualmente ejerce como primer secretario del Partido Comunista de Cuba y como comandante en jefe de las Fuerzas Armadas Revolucionarias (Ej\u00e9rcito) de Cuba. Es, adem\u00e1s, uno de los condecorados por la Uni\u00f3n Sovi\u00e9tica con la Orden de Lenin. Es doctor en Derecho Civil y licenciado en Derecho Diplom\u00e1tico.<\/p>\n<p>Castro se inici\u00f3 en la vida p\u00fablica como pol\u00edtico opositor y destac\u00f3 especialmente tras el asalto al cuartel Moncada en 1953, por el que fue condenado a prisi\u00f3n. Tras ser indultado gracias a la presi\u00f3n de la opini\u00f3n p\u00fablica, se exili\u00f3 en M\u00e9xico, donde plane\u00f3 la invasi\u00f3n guerrillera de 1956. Lleg\u00f3 al poder tras encabezar la revoluci\u00f3n cubana, que triunf\u00f3 el 1 de enero de 1959, derrocando el r\u00e9gimen de Fulgencio Batista. Fue nombrado Primer Ministro el 27 de febrero del mismo a\u00f1o por el Presidente Manuel Urrutia. Lider\u00f3 en 1961 la adopci\u00f3n del marxismo por el gobierno revolucionario, estableciendo el primer estado socialista de Am\u00e9rica. Tras las reformas de 1976, fue electo presidente del Consejo de Estado y del Consejo de Ministros. Desde la fundaci\u00f3n del partido comunista en 1965, ha sido su Primer Secretario.<\/p>\n<p>El 19 de febrero de 2008, en una carta publicada en el diario Granma, anunci\u00f3 que no se presentar\u00eda ni aceptar\u00eda el puesto de presidente y comandante en la reuni\u00f3n de la Asamblea Nacional del Poder Popular del 24 de febrero del mismo a\u00f1o. Como se ha mencionado, permanece como Primer Secretario del partido comunista.<\/p>\n<p>En el \u00e1mbito internacional, inicialmente conservaba buenas relaciones con los EUA; entabl\u00f3, luego, estrechos lazos con la Uni\u00f3n Sovi\u00e9tica. Despu\u00e9s de una serie de expropiaciones a propietarios estadounidenses, los desencuentros con los EUA desembocaron en el embargo econ\u00f3mico contra Cuba. Desde entonces, su relaci\u00f3n con la superpotencia ha sido abiertamente antag\u00f3nica, lo que qued\u00f3 confirmado tras la fracasada invasi\u00f3n de Bah\u00eda de Cochinos en 1961.<\/p>\n<p>Debido a su larga gesti\u00f3n y a las caracter\u00edsticas controvertidas de sus pol\u00edticas, se ha generado un pol\u00e9mico e intenso debate entre opositores y partidarios sobre su gobierno: desde calificarlo como una dictadura hasta considerarlo la expresi\u00f3n de la voluntad del pueblo cubano.<\/p>\n","protected":false},"excerpt":{"rendered":"<p>Fidel Alejandro Castro Ruz (Bir\u00e1n, 13 de agosto de 1926) es un militar y pol\u00edtico cubano. Fue mandatario de su pa\u00eds, bajo los cargos de primer ministro (1959-1976) y presidente de Cuba (1976-2008). Actualmente ejerce como primer secretario del Partido Comunista de Cuba y como comandante en jefe de las Fuerzas Armadas Revolucionarias (Ej\u00e9rcito) de [&hellip;]<\/p>\n","protected":false},"author":1,"featured_media":0,"comment_status":"open","ping_status":"open","sticky":false,"template":"","format":"standard","meta":[],"categories":[35],"tags":[40,1134,903,926,1133],"_links":{"self":[{"href":"https:\/\/www.antesydespues.com.ar\/en\/wp-json\/wp\/v2\/posts\/125"}],"collection":[{"href":"https:\/\/www.antesydespues.com.ar\/en\/wp-json\/wp\/v2\/posts"}],"about":[{"href":"https:\/\/www.antesydespues.com.ar\/en\/wp-json\/wp\/v2\/types\/post"}],"author":[{"embeddable":true,"href":"https:\/\/www.antesydespues.com.ar\/en\/wp-json\/wp\/v2\/users\/1"}],"replies":[{"embeddable":true,"href":"https:\/\/www.antesydespues.com.ar\/en\/wp-json\/wp\/v2\/comments?post=125"}],"version-history":[{"count":0,"href":"https:\/\/www.antesydespues.com.ar\/en\/wp-json\/wp\/v2\/posts\/125\/revisions"}],"wp:attachment":[{"href":"https:\/\/www.antesydespues.com.ar\/en\/wp-json\/wp\/v2\/media?parent=125"}],"wp:term":[{"taxonomy":"category","embeddable":true,"href":"https:\/\/www.antesydespues.com.ar\/en\/wp-json\/wp\/v2\/categories?post=125"},{"taxonomy":"post_tag","embeddable":true,"href":"https:\/\/www.antesydespues.com.ar\/en\/wp-json\/wp\/v2\/tags?post=125"}],"curies":[{"name":"wp","href":"https:\/\/api.w.org\/{rel}","templated":true}]}}