{"id":1234,"date":"2009-04-29T23:40:53","date_gmt":"2009-04-30T02:40:53","guid":{"rendered":"http:\/\/localhost\/wordpress\/ramon-valdez\/"},"modified":"2010-02-05T11:33:11","modified_gmt":"2010-02-05T14:33:11","slug":"ramon-valdes","status":"publish","type":"post","link":"https:\/\/www.antesydespues.com.ar\/en\/ramon-valdes\/","title":{"rendered":"Ram\u00f3n Vald\u00e9s"},"content":{"rendered":"<p>Ram\u00f3n Vald\u00e9s Castillo (Ciudad de M\u00e9xico, 2 de septiembre de 1923 \u2014 Ciudad de M\u00e9xico, 9 de agosto de 1988) fue un actor y humorista mexicano, famoso por sus actuaciones en la serie El Chavo del Ocho interpretando el papel de Don Ram\u00f3n, adem\u00e1s de las series El Chapul\u00edn Colorado y Chespirito aunque el origen de su carrera se remonta a la \u00c9poca de Oro del Cine Mexicano, al lado de su hermano Germ\u00e1n Vald\u00e9s &#8220;Tin Tan&#8221;.<\/p>\n<p>Su padre: Rafael G\u00f3mez-Vald\u00e9s Angellini (que a su vez, era hijo de madre italiana, nacida en Brownsville TX) y su madre, Guadalupe Castillo (originaria de Aguascalientes), de ahi sus caracter\u00edsticas f\u00edsicas.<\/p>\n<p>Los hermanos de Ram\u00f3n Vald\u00e9s son Germ\u00e1n (Tin T\u00e1n), Rafael (el Chapo), Pedro, Guadalupe, Angela, Manuel (el Loco), Crist\u00f3bal, Antonio y Armando.<\/p>\n<p>Ram\u00f3n tuvo 3 esposas, y aproximadamente unos 10 hijos; una de sus esposas fu\u00e9 la cantante Aracely Juli\u00e1n.<\/p>\n<p>Es originario de la Ciudad de M\u00e9xico y a los 2 a\u00f1os de edad su padre lo llevo a Ciudad Ju\u00e1rez.<\/p>\n<p>Su carrera cinematogr\u00e1fica lo llev\u00f3 a convertirse en un actor muy querido, sin embargo, cuando se convirti\u00f3 en don Ram\u00f3n, dentro de la serie del Chavo del 8, alcanz\u00f3 su mayor popularidad.<\/p>\n<p>La forma en que contact\u00f3 a Chespirito fue por medio del programa &#8220;S\u00e1bados de la Fortuna&#8221; que se transmit\u00eda por canal 8.<\/p>\n<p>A Ram\u00f3n Vald\u00e9s lo recuerdan como una persona de car\u00e1cter fuerte, pero siempre manteniendo su lado amable con la gente. Era una persona muy ermita\u00f1a, lo cual se le hac\u00eda dif\u00edcil verlo en actividades o fiestas de gente del espect\u00e1culo.<\/p>\n<p>El personaje &#8220;Don Ram\u00f3n&#8221; no ten\u00eda muchas diferencias a como era Ram\u00f3n Vald\u00e9s en su vida cotidiana. Rub\u00e9n Aguirre hace una comparaci\u00f3n al decir que Ram\u00f3n Vald\u00e9s costaba hacerlo trabajar, siempre hab\u00edan atrazos en las grabaciones ya que don Ram\u00f3n no llegaba a la hora en que hab\u00edan fijado.<\/p>\n<p>El personaje era muy natural, Chespirito solamente le decia: S\u00e9 tu mismo.<\/p>\n<p>Gracias a esto, es que pose\u00eda una incomparable forma de interpretar su personaje, pero en 1979 decidi\u00f3 separarse del equipo de Chespirito, para luego, cinco a\u00f1os despu\u00e9s regresar a la televisi\u00f3n en las series: &#8220;\u00a1Ah que Kico!&#8221;, y &#8220;Federrico&#8221;, ambas protagonizadas por Carlos Villagr\u00e1n, pero no le fue nada bien.<\/p>\n<p>En los 80&#8217;s volvi\u00f3 al programa &#8220;Chespirito&#8221; para grabar unos cuantos cap\u00edtulos.<\/p>\n<p>En los \u00faltimos a\u00f1os de su carrera, se dedic\u00f3 a viajar por toda la Rep\u00fablica Mexicana acompa\u00f1ado de su propio circo.<\/p>\n<p>Falleci\u00f3 el 9 de Agosto de 1988 a la edad de 64 a\u00f1os, a causa de un c\u00e1ncer de pulm\u00f3n.<\/p>\n","protected":false},"excerpt":{"rendered":"<p>Ram\u00f3n Vald\u00e9s Castillo (Ciudad de M\u00e9xico, 2 de septiembre de 1923 \u2014 Ciudad de M\u00e9xico, 9 de agosto de 1988) fue un actor y humorista mexicano, famoso por sus actuaciones en la serie El Chavo del Ocho interpretando el papel de Don Ram\u00f3n, adem\u00e1s de las series El Chapul\u00edn Colorado y Chespirito aunque el origen [&hellip;]<\/p>\n","protected":false},"author":1,"featured_media":0,"comment_status":"open","ping_status":"open","sticky":false,"template":"","format":"standard","meta":[],"categories":[4,8,3],"tags":[808,807,805,809,804,1601,1600,810],"_links":{"self":[{"href":"https:\/\/www.antesydespues.com.ar\/en\/wp-json\/wp\/v2\/posts\/1234"}],"collection":[{"href":"https:\/\/www.antesydespues.com.ar\/en\/wp-json\/wp\/v2\/posts"}],"about":[{"href":"https:\/\/www.antesydespues.com.ar\/en\/wp-json\/wp\/v2\/types\/post"}],"author":[{"embeddable":true,"href":"https:\/\/www.antesydespues.com.ar\/en\/wp-json\/wp\/v2\/users\/1"}],"replies":[{"embeddable":true,"href":"https:\/\/www.antesydespues.com.ar\/en\/wp-json\/wp\/v2\/comments?post=1234"}],"version-history":[{"count":0,"href":"https:\/\/www.antesydespues.com.ar\/en\/wp-json\/wp\/v2\/posts\/1234\/revisions"}],"wp:attachment":[{"href":"https:\/\/www.antesydespues.com.ar\/en\/wp-json\/wp\/v2\/media?parent=1234"}],"wp:term":[{"taxonomy":"category","embeddable":true,"href":"https:\/\/www.antesydespues.com.ar\/en\/wp-json\/wp\/v2\/categories?post=1234"},{"taxonomy":"post_tag","embeddable":true,"href":"https:\/\/www.antesydespues.com.ar\/en\/wp-json\/wp\/v2\/tags?post=1234"}],"curies":[{"name":"wp","href":"https:\/\/api.w.org\/{rel}","templated":true}]}}